{"id":709,"date":"2026-02-06T11:08:33","date_gmt":"2026-02-06T10:08:33","guid":{"rendered":"https:\/\/www.parasol35.org\/?p=709"},"modified":"2026-02-21T10:12:33","modified_gmt":"2026-02-21T09:12:33","slug":"le-pre-des-possibles-a-brece-cherche-des-foyers","status":"publish","type":"post","link":"https:\/\/www.parasol35.org\/index.php\/2026\/02\/06\/le-pre-des-possibles-a-brece-cherche-des-foyers\/","title":{"rendered":"Le Pr\u00e9 des Possibles \u00e0 Br\u00e9c\u00e9 (35) recherche ses derniers foyers !"},"content":{"rendered":"\n<p>Contact :\u00a0<a href=\"lepredespossibles@gmail.com\" target=\"_blank\" rel=\"noreferrer noopener\">lepredespossibles@gmail.com<\/a><\/p>\n\n\n\n<h2 class=\"wp-block-heading\">Nous sommes un groupe de 7 foyers, nous menons un projet d\u2019habitat partag\u00e9 sur la commune de Br\u00e9c\u00e9.<\/h2>\n\n\n\n<p>Notre projet est bien avanc\u00e9, nous d\u00e9marrerons la construction en janvier 2026. Nous sommes \u00e0 la recherche de nouvelles personnes, en couple, seules ou avec enfants pour finaliser notre projet !Nous sommes un groupe de 7 foyers engag\u00e9s dans le projet d\u2019habitat participatif Le Pr\u00e9 des Possibles,<br>et nous recherchons aujourd\u2019hui de nouvelles personnes pour rejoindre l\u2019aventure !<br>Notre futur lieu de vie est situ\u00e9 en plein centre-bourg de Br\u00e9c\u00e9 (Ille-et-Vilaine), \u00e0 moins de 15 minutes<br>de Rennes. Nous b\u00e9n\u00e9ficions d\u2019un cadre de vie privil\u00e9gi\u00e9 : \u00e9coles, cr\u00e8che, m\u00e9diath\u00e8que, \u00e9quipements<br>sportifs, commerces de proximit\u00e9, transports en commun (bus), et liaison cyclable directe vers la gare<\/p>\n\n\n\n<p><strong><em>Un projet de vie, plus qu\u2019un projet immobilier<\/em><\/strong><br>Nous avons imagin\u00e9 Le Pr\u00e9 des Possibles comme un projet de voisinage solidaire, o\u00f9 l\u2019habitat est un<br>support pour cr\u00e9er du lien, de l\u2019entraide et du plaisir \u00e0 vivre ensemble. Nous construisons un collectif<br>bienveillant, fond\u00e9 sur la convivialit\u00e9, la solidarit\u00e9 interg\u00e9n\u00e9rationnelle et l\u2019envie de vivre chacun chez<br>soi tout en faisant \u201censemble\u201d.<\/p>\n\n\n\n<p><br><strong><em>Un habitat au service du collectif<\/em><\/strong><br>On sera dans un petit collectif de 12 logements (T2 \u00e0 T4), pens\u00e9s pour allier confort individuel et vie<br>collective conviviale. Des espaces partag\u00e9s (salle commune, chambre d\u2019ami.e.s, buanderie, atelier,<br>jardins et potager) favoriseront les rencontres.<br>Les logements sont certifi\u00e9s NF Habitat HQE (qualit\u00e9 de construction, de confort et de performance<br>environnementale) et propos\u00e9s \u00e0 des prix inf\u00e9rieurs au march\u00e9 (le prix de vente inclut les espaces<br>communs), avec possibilit\u00e9 de BRS 3 pour les foyers \u00e9ligibles.<br>Il reste 2 T2, 2 T3 et 1 T4 disponibles.\ud83d\udc49<br>Installation pr\u00e9vue d\u00e9but 2028.<\/p>\n\n\n\n<figure class=\"wp-block-image size-full is-resized\"><img loading=\"lazy\" decoding=\"async\" width=\"2560\" height=\"1810\" src=\"http:\/\/www.parasol35.org\/wp-content\/uploads\/2025\/11\/Brece-scaled.png\" alt=\"\" class=\"wp-image-799\" style=\"width:612px;height:auto\" srcset=\"https:\/\/www.parasol35.org\/wp-content\/uploads\/2025\/11\/Brece-scaled.png 2560w, https:\/\/www.parasol35.org\/wp-content\/uploads\/2025\/11\/Brece-300x212.png 300w, https:\/\/www.parasol35.org\/wp-content\/uploads\/2025\/11\/Brece-1024x724.png 1024w, https:\/\/www.parasol35.org\/wp-content\/uploads\/2025\/11\/Brece-768x543.png 768w, https:\/\/www.parasol35.org\/wp-content\/uploads\/2025\/11\/Brece-1536x1086.png 1536w, https:\/\/www.parasol35.org\/wp-content\/uploads\/2025\/11\/Brece-2048x1448.png 2048w\" sizes=\"auto, (max-width: 2560px) 100vw, 2560px\" \/><\/figure>\n\n\n\n<p><br><strong><em>Qui cherchons nous ?<\/em><\/strong><br>Nous souhaitons accueillir des personnes seules, couples, familles, seniors, avec ou sans enfants. Tous<br>les profils sont les bienvenus !<br><br><strong><em>Pr\u00e9sentation compl\u00e8te du projet :\ud83d\udcc4<\/em><\/strong><br><a href=\"https:\/\/www.basededonnees-habitatparticipatif-oasis.fr\/?LePreDesPossibles\/iframe\" target=\"_blank\" rel=\"noreferrer noopener\">https:\/\/www.basededonnees-habitatparticipatif-oasis.fr\/?LePreDesPossibles\/iframe<\/a><br><\/p>\n\n\n\n<p><strong>Nous contacter :<\/strong>\ud83d\udce9  <a href=\"mailto:lepredespossibles@gmail.com\">lepredespossibles@gmail.com<\/a> tel : 06 28 02 06 67<\/p>\n\n\n\n<p><strong>Pour en savoir plus : <\/strong><br><a href=\"http:\/\/www.facebook.com\/groups\/lepredespossibles\" target=\"_blank\" rel=\"noreferrer noopener\">www.facebook.com\/groups\/lepredespossibles<\/a><br><a href=\"http:\/\/www.youtube.com\/@lepredespossibles\" target=\"_blank\" rel=\"noreferrer noopener\">www.youtube.com\/@lepredespossibles<\/a><\/p>\n\n\n\n<p><\/p>\n","protected":false},"excerpt":{"rendered":"<p>Contact :\u00a0lepredespossibles@gmail.com Nous sommes un groupe de 7 foyers, nous menons un projet d\u2019habitat partag\u00e9 sur la commune de Br\u00e9c\u00e9. Notre projet est bien avanc\u00e9, nous d\u00e9marrerons la construction en janvier 2026. Nous sommes \u00e0 la recherche de nouvelles personnes, en couple, seules ou avec enfants pour finaliser notre projet !Nous sommes un groupe de&#8230;<\/p>\n","protected":false},"author":2,"featured_media":799,"comment_status":"closed","ping_status":"closed","sticky":false,"template":"","format":"standard","meta":{"_EventAllDay":false,"_EventTimezone":"","_EventStartDate":"","_EventEndDate":"","_EventStartDateUTC":"","_EventEndDateUTC":"","_EventShowMap":false,"_EventShowMapLink":false,"_EventURL":"","_EventCost":"","_EventCostDescription":"","_EventCurrencySymbol":"","_EventCurrencyCode":"","_EventCurrencyPosition":"","_EventDateTimeSeparator":"","_EventTimeRangeSeparator":"","_EventOrganizerID":[],"_EventVenueID":[],"_OrganizerEmail":"","_OrganizerPhone":"","_OrganizerWebsite":"","_VenueAddress":"","_VenueCity":"","_VenueCountry":"","_VenueProvince":"","_VenueState":"","_VenueZip":"","_VenuePhone":"","_VenueURL":"","_VenueStateProvince":"","_VenueLat":"","_VenueLng":"","_VenueShowMap":false,"_VenueShowMapLink":false,"_kad_post_transparent":"","_kad_post_title":"","_kad_post_layout":"","_kad_post_sidebar_id":"","_kad_post_content_style":"","_kad_post_vertical_padding":"","_kad_post_feature":"","_kad_post_feature_position":"","_kad_post_header":false,"_kad_post_footer":false,"_kad_post_classname":"","iawp_total_views":188,"footnotes":""},"categories":[1],"tags":[],"class_list":["post-709","post","type-post","status-publish","format-standard","has-post-thumbnail","hentry","category-non-classe"],"_links":{"self":[{"href":"https:\/\/www.parasol35.org\/index.php\/wp-json\/wp\/v2\/posts\/709","targetHints":{"allow":["GET"]}}],"collection":[{"href":"https:\/\/www.parasol35.org\/index.php\/wp-json\/wp\/v2\/posts"}],"about":[{"href":"https:\/\/www.parasol35.org\/index.php\/wp-json\/wp\/v2\/types\/post"}],"author":[{"embeddable":true,"href":"https:\/\/www.parasol35.org\/index.php\/wp-json\/wp\/v2\/users\/2"}],"replies":[{"embeddable":true,"href":"https:\/\/www.parasol35.org\/index.php\/wp-json\/wp\/v2\/comments?post=709"}],"version-history":[{"count":3,"href":"https:\/\/www.parasol35.org\/index.php\/wp-json\/wp\/v2\/posts\/709\/revisions"}],"predecessor-version":[{"id":812,"href":"https:\/\/www.parasol35.org\/index.php\/wp-json\/wp\/v2\/posts\/709\/revisions\/812"}],"wp:featuredmedia":[{"embeddable":true,"href":"https:\/\/www.parasol35.org\/index.php\/wp-json\/wp\/v2\/media\/799"}],"wp:attachment":[{"href":"https:\/\/www.parasol35.org\/index.php\/wp-json\/wp\/v2\/media?parent=709"}],"wp:term":[{"taxonomy":"category","embeddable":true,"href":"https:\/\/www.parasol35.org\/index.php\/wp-json\/wp\/v2\/categories?post=709"},{"taxonomy":"post_tag","embeddable":true,"href":"https:\/\/www.parasol35.org\/index.php\/wp-json\/wp\/v2\/tags?post=709"}],"curies":[{"name":"wp","href":"https:\/\/api.w.org\/{rel}","templated":true}]}}